{"id":772,"date":"2020-02-05T17:52:04","date_gmt":"2020-02-05T16:52:04","guid":{"rendered":"http:\/\/lecloschamplieu.fr\/?p=772"},"modified":"2020-02-05T17:52:04","modified_gmt":"2020-02-05T16:52:04","slug":"le-parc-de-geresme","status":"publish","type":"post","link":"https:\/\/lecloschamplieu.fr\/?p=772","title":{"rendered":"Le parc de G\u00e9resme"},"content":{"rendered":"\n<p class=\"has-text-align-center has-medium-font-size\">A Cr\u00e9py-En-Valois \u00e0 10 km de notre gite.<\/p>\n\n\n\n<p class=\"has-text-align-center has-normal-font-size\">Un grand bol d&rsquo;air et de nature \u00e0 quelques m\u00e8tres \u00e0 peine du centre-ville. Un tr\u00e8s beau cadre pour admirer la faune et la flore.  <\/p>\n\n\n\n<p class=\"has-text-align-center\">Pour plus d&rsquo;infos: <a href=\"https:\/\/www.crepyenvalois.fr\/parcs.html\">https:\/\/www.crepyenvalois.fr\/parcs.html<\/a> ; <a href=\"https:\/\/www.oisetourisme.com\/pnapic060fs0001h\/parc-de-geresme\/crepy-en-valois\">www.oisetourisme.com<\/a><\/p>\n\n\n\n<p style=\"font-size:19px\" class=\"has-text-align-center\">Quelques photos prises lors de notre derni\u00e8re visite fin janvier 2020:<\/p>\n\n\n\n[ngg src=\u00a0\u00bbgalleries\u00a0\u00bb ids=\u00a0\u00bb3&Prime; display=\u00a0\u00bbbasic_thumbnail\u00a0\u00bb thumbnail_crop=\u00a0\u00bb0&Prime;]\n\n\n\n<p><\/p>\n","protected":false},"excerpt":{"rendered":"<p>A Cr\u00e9py-En-Valois \u00e0 10 km de notre gite. Un grand bol d&rsquo;air et de nature \u00e0 quelques m\u00e8tres \u00e0 peine du centre-ville. Un tr\u00e8s beau &hellip; <\/p>\n","protected":false},"author":1,"featured_media":0,"comment_status":"open","ping_status":"open","sticky":false,"template":"","format":"standard","meta":{"jetpack_post_was_ever_published":false,"_jetpack_newsletter_access":"","jetpack_publicize_message":"","jetpack_is_tweetstorm":false,"jetpack_publicize_feature_enabled":true,"jetpack_social_post_already_shared":true,"jetpack_social_options":{"image_generator_settings":{"template":"highway","enabled":false}}},"categories":[1],"tags":[],"jetpack_publicize_connections":[],"jetpack_featured_media_url":"","jetpack_sharing_enabled":true,"jetpack_shortlink":"https:\/\/wp.me\/p9JC1s-cs","_links":{"self":[{"href":"https:\/\/lecloschamplieu.fr\/index.php?rest_route=\/wp\/v2\/posts\/772"}],"collection":[{"href":"https:\/\/lecloschamplieu.fr\/index.php?rest_route=\/wp\/v2\/posts"}],"about":[{"href":"https:\/\/lecloschamplieu.fr\/index.php?rest_route=\/wp\/v2\/types\/post"}],"author":[{"embeddable":true,"href":"https:\/\/lecloschamplieu.fr\/index.php?rest_route=\/wp\/v2\/users\/1"}],"replies":[{"embeddable":true,"href":"https:\/\/lecloschamplieu.fr\/index.php?rest_route=%2Fwp%2Fv2%2Fcomments&post=772"}],"version-history":[{"count":7,"href":"https:\/\/lecloschamplieu.fr\/index.php?rest_route=\/wp\/v2\/posts\/772\/revisions"}],"predecessor-version":[{"id":792,"href":"https:\/\/lecloschamplieu.fr\/index.php?rest_route=\/wp\/v2\/posts\/772\/revisions\/792"}],"wp:attachment":[{"href":"https:\/\/lecloschamplieu.fr\/index.php?rest_route=%2Fwp%2Fv2%2Fmedia&parent=772"}],"wp:term":[{"taxonomy":"category","embeddable":true,"href":"https:\/\/lecloschamplieu.fr\/index.php?rest_route=%2Fwp%2Fv2%2Fcategories&post=772"},{"taxonomy":"post_tag","embeddable":true,"href":"https:\/\/lecloschamplieu.fr\/index.php?rest_route=%2Fwp%2Fv2%2Ftags&post=772"}],"curies":[{"name":"wp","href":"https:\/\/api.w.org\/{rel}","templated":true}]}}