{"id":333,"date":"2018-03-25T16:05:01","date_gmt":"2018-03-25T14:05:01","guid":{"rendered":"http:\/\/lecloschamplieu.fr\/?p=333"},"modified":"2018-04-11T10:25:24","modified_gmt":"2018-04-11T08:25:24","slug":"lancement-du-gite","status":"publish","type":"post","link":"https:\/\/lecloschamplieu.fr\/?p=333","title":{"rendered":"Lancement du gite!"},"content":{"rendered":"<h2>OUVERTURE DU GITE!<\/h2>\n<p>Apr\u00e8s plusieurs mois de plans, de r\u00e9flexions, de travaux, d&rsquo;am\u00e9nagement et de de d\u00e9coration, nous avons la joie de vous annoncer l&rsquo;ouverture du gite Le Clos Champlieu \u00e0 la r\u00e9servation!<\/p>\n<p>Les travaux d&rsquo;am\u00e9nagement des ext\u00e9rieurs du gite et du hameau se poursuivent afin de vous accueillir au mieux pendant la belle saison!<\/p>\n<p>Nous vous souhaitons un bon s\u00e9jour chez nous!<\/p>\n<p>C\u00e9cile et S\u00e9bastien<\/p>\n<p>&nbsp;<\/p>\n","protected":false},"excerpt":{"rendered":"<p>OUVERTURE DU GITE! Apr\u00e8s plusieurs mois de plans, de r\u00e9flexions, de travaux, d&rsquo;am\u00e9nagement et de de d\u00e9coration, nous avons la joie de vous annoncer l&rsquo;ouverture &hellip; <\/p>\n","protected":false},"author":1,"featured_media":238,"comment_status":"open","ping_status":"open","sticky":false,"template":"","format":"image","meta":{"jetpack_post_was_ever_published":false,"_jetpack_newsletter_access":"","jetpack_publicize_message":"","jetpack_is_tweetstorm":false,"jetpack_publicize_feature_enabled":true,"jetpack_social_post_already_shared":true,"jetpack_social_options":{"image_generator_settings":{"template":"highway","enabled":false}}},"categories":[6],"tags":[],"jetpack_publicize_connections":[],"jetpack_featured_media_url":"https:\/\/lecloschamplieu.fr\/wp-content\/uploads\/2018\/03\/07.jpg","jetpack_sharing_enabled":true,"jetpack_shortlink":"https:\/\/wp.me\/p9JC1s-5n","_links":{"self":[{"href":"https:\/\/lecloschamplieu.fr\/index.php?rest_route=\/wp\/v2\/posts\/333"}],"collection":[{"href":"https:\/\/lecloschamplieu.fr\/index.php?rest_route=\/wp\/v2\/posts"}],"about":[{"href":"https:\/\/lecloschamplieu.fr\/index.php?rest_route=\/wp\/v2\/types\/post"}],"author":[{"embeddable":true,"href":"https:\/\/lecloschamplieu.fr\/index.php?rest_route=\/wp\/v2\/users\/1"}],"replies":[{"embeddable":true,"href":"https:\/\/lecloschamplieu.fr\/index.php?rest_route=%2Fwp%2Fv2%2Fcomments&post=333"}],"version-history":[{"count":1,"href":"https:\/\/lecloschamplieu.fr\/index.php?rest_route=\/wp\/v2\/posts\/333\/revisions"}],"predecessor-version":[{"id":334,"href":"https:\/\/lecloschamplieu.fr\/index.php?rest_route=\/wp\/v2\/posts\/333\/revisions\/334"}],"wp:featuredmedia":[{"embeddable":true,"href":"https:\/\/lecloschamplieu.fr\/index.php?rest_route=\/wp\/v2\/media\/238"}],"wp:attachment":[{"href":"https:\/\/lecloschamplieu.fr\/index.php?rest_route=%2Fwp%2Fv2%2Fmedia&parent=333"}],"wp:term":[{"taxonomy":"category","embeddable":true,"href":"https:\/\/lecloschamplieu.fr\/index.php?rest_route=%2Fwp%2Fv2%2Fcategories&post=333"},{"taxonomy":"post_tag","embeddable":true,"href":"https:\/\/lecloschamplieu.fr\/index.php?rest_route=%2Fwp%2Fv2%2Ftags&post=333"}],"curies":[{"name":"wp","href":"https:\/\/api.w.org\/{rel}","templated":true}]}}